{"id":12568,"date":"2023-02-10T13:38:57","date_gmt":"2023-02-10T13:38:57","guid":{"rendered":"https:\/\/www.partidosocialista.org.ar\/wp\/?p=12568"},"modified":"2023-02-10T13:38:57","modified_gmt":"2023-02-10T13:38:57","slug":"estevez-le-exige-al-gobierno-nacional-que-declare-la-emergencia-en-seguridad-en-el-departamento-rosario","status":"publish","type":"post","link":"https:\/\/www.partidosocialista.org.ar\/wp\/estevez-le-exige-al-gobierno-nacional-que-declare-la-emergencia-en-seguridad-en-el-departamento-rosario\/","title":{"rendered":"Est\u00e9vez le exige al Gobierno Nacional que declare la Emergencia en Seguridad en el departamento Rosario"},"content":{"rendered":"<p>El diputado Nacional del Bloque socialista Enrique Est\u00e9vez Boero present\u00f3 junto a M\u00f3nica Fein ante la C\u00e1mara de Diputados un proyecto para declarar la Emergencia en materia de Seguridad en el \u00c1rea Metropolitana de Rosario. \u201cLa violencia y la inseguridad en la regi\u00f3n est\u00e1 en niveles extremos, sin antecedentes. La promesa de \u2018la paz y el orden\u2019 del gobernador Omar Perotti fue una irresponsabilidad que hoy pagamos todos los santafesinos. El an\u00e1lisis de la situaci\u00f3n actual amerita un abordaje con seriedad y sin improvisaciones\u201d, detall\u00f3.<\/p>\n<p>El proyecto de ley presentado busca declarar al departamento Rosario en emergencia creando un fondo econ\u00f3mico que sea administrado y ejecutado por el Ministerio de Seguridad de la Naci\u00f3n.<\/p>\n<p>\u201cEl Gobierno Nacional tiene que hacerse cargo de la lucha contra el crimen organizado, Rosario es parte del pa\u00eds y nos abandonaron\u201d reclam\u00f3 el legislador y agreg\u00f3: \u201cLa ciudad de Rosario registra un homicidio cada 28 horas en lo que va de 2023, mientras que en 2022 registr\u00f3 287 asesinatos e innumerables balaceras. Es una situaci\u00f3n que requiere de una r\u00e1pida acci\u00f3n de parte de todos los estamentos del Estado\u201d.<\/p>\n<p>Conjuntamente, la iniciativa propone incrementar la cantidad de efectivos de las fuerzas federales y ampliar la presencia de la Agencia Federal de Inteligencia en la ciudad de Rosario.<\/p>\n<p>\u201cBuscamos que exista un trabajo coordinado entre el Ministerio de Seguridad Nacional y Provincial que mejore el control del servicio penitenciario en todas las unidades penales de la provincia. Tambi\u00e9n solicitamos que se cree una junta de emergencia en seguridad y un comit\u00e9 de crisis representado por el gobierno nacional, provincial y gobiernos locales\u201d, remarc\u00f3 Est\u00e9vez Boero.<\/p>\n<p>\u201cLa ciudad de Rosario y su \u00e1rea metropolitana, son protagonistas de innumerables homicidios y otros delitos relacionados a econom\u00edas ilegales y narcocriminalidad. La inoperancia del gobierno provincial y nacional que no tienen un plan en materia de seguridad que sea concreto, medible y verificable\u201d, sentenci\u00f3.<\/p>\n<p>Siete de cada diez homicidios en Rosario tienen relaci\u00f3n con organizaciones criminales<\/p>\n<p>De acuerdo a lo informado por el Ministerio P\u00fablico de la Acusaci\u00f3n y el Ministerio de Seguridad de la provincia de Santa Fe se registraron 287 homicidios en el departamento Rosario durante el a\u00f1o 2022, llegando a su r\u00e9cord hist\u00f3rico. Siete de cada diez tuvieron relaci\u00f3n con organizaciones criminales y nueve de cada diez fueron ejecutados con armas de fuego.<\/p>\n<p>Durante el 2020 el Gobierno Nacional anunci\u00f3 hacer una inversi\u00f3n de 3 mil millones de pesos y tambi\u00e9n garantiz\u00f3 la llegada de nuevos efectivos de fuerzas federales. El dinero iba a ser invertido por la provincia en tecnolog\u00edas, mobiliario y personal necesario para limitar el accionar de estos grupos mafiosos y as\u00ed bajar los \u00edndices de violencia.<\/p>\n<p>\u201cLamentablemente, el gobierno provincial no supo c\u00f3mo invertir 3 mil millones de pesos y hasta el d\u00eda de hoy no se ha invertido ni una m\u00ednima parte de este presupuesto. Hay nuevos polic\u00edas egresados que no pueden salir a la calle por no contar con chalecos antibala\u201d, explic\u00f3 el diputado.<\/p>\n<p>EL PEDIDO DE FORTALECIMIENTO DE LA JUSTICIA PENAL FEDERAL<\/p>\n<p>Asimismo, el diputado Nacional le solicitar\u00e1 a Cristina Fernandez de Kirchner como presidenta del Senado de la Naci\u00f3n que asigne a los senadores correspondientes de la Comisi\u00f3n Bicameral de seguimiento e implementaci\u00f3n del C\u00f3digo Procesal Penal de la Naci\u00f3n.<\/p>\n<p>El diputado nacional se\u00f1al\u00f3 que \u201chace dos a\u00f1os que la comisi\u00f3n bicameral por problemas netamente pol\u00edticos no se re\u00fane\u201d. Y luego, a\u00f1adi\u00f3: \u201cPara la ciudad de Rosario es urgente fortalecer la justicia penal federal, por eso le solicitamos la pronta implementaci\u00f3n del C\u00f3digo Procesal Penal y que el Ejecutivo nacional destine los recursos necesarios para garantizar su implementaci\u00f3n, sin el funcionamiento de esta Comisi\u00f3n Bicameral este proceso no puede iniciarse\u201d<\/p>\n<p>\u201cLa angustiante situaci\u00f3n de seguridad que est\u00e1n atravesando los santafesinos y las santafesinas no admite m\u00e1s dilaciones en la urgente implementaci\u00f3n de dicho C\u00f3digo, para dotar de mayor herramientas, celeridad y transparencia a la Justicia Penal Federal en el combate contra el crimen organizado\u201d, resalt\u00f3 el legislador.<\/p>\n","protected":false},"excerpt":{"rendered":"<p>El diputado Nacional del Bloque socialista Enrique Est\u00e9vez Boero present\u00f3 junto a M\u00f3nica Fein ante la C\u00e1mara de Diputados un proyecto para declarar la Emergencia en materia de Seguridad en el \u00c1rea Metropolitana de Rosario. \u201cLa violencia y la inseguridad en la regi\u00f3n est\u00e1 en niveles extremos, sin antecedentes. La promesa de \u2018la paz y &hellip; <a href=\"https:\/\/www.partidosocialista.org.ar\/wp\/estevez-le-exige-al-gobierno-nacional-que-declare-la-emergencia-en-seguridad-en-el-departamento-rosario\/\" class=\"more-link\">Sigue leyendo <span class=\"screen-reader-text\">Est\u00e9vez le exige al Gobierno Nacional que declare la Emergencia en Seguridad en el departamento Rosario<\/span><\/a><\/p>\n","protected":false},"author":3,"featured_media":11986,"comment_status":"open","ping_status":"open","sticky":false,"template":"","format":"standard","meta":{"_acf_changed":false,"footnotes":""},"categories":[5,8,9,10],"tags":[],"class_list":["post-12568","post","type-post","status-publish","format-standard","has-post-thumbnail","hentry","category-bloque-ps","category-destacadas","category-monica-fein","category-novedades"],"acf":[],"_links":{"self":[{"href":"https:\/\/www.partidosocialista.org.ar\/wp\/wp-json\/wp\/v2\/posts\/12568","targetHints":{"allow":["GET"]}}],"collection":[{"href":"https:\/\/www.partidosocialista.org.ar\/wp\/wp-json\/wp\/v2\/posts"}],"about":[{"href":"https:\/\/www.partidosocialista.org.ar\/wp\/wp-json\/wp\/v2\/types\/post"}],"author":[{"embeddable":true,"href":"https:\/\/www.partidosocialista.org.ar\/wp\/wp-json\/wp\/v2\/users\/3"}],"replies":[{"embeddable":true,"href":"https:\/\/www.partidosocialista.org.ar\/wp\/wp-json\/wp\/v2\/comments?post=12568"}],"version-history":[{"count":1,"href":"https:\/\/www.partidosocialista.org.ar\/wp\/wp-json\/wp\/v2\/posts\/12568\/revisions"}],"predecessor-version":[{"id":12569,"href":"https:\/\/www.partidosocialista.org.ar\/wp\/wp-json\/wp\/v2\/posts\/12568\/revisions\/12569"}],"wp:featuredmedia":[{"embeddable":true,"href":"https:\/\/www.partidosocialista.org.ar\/wp\/wp-json\/wp\/v2\/media\/11986"}],"wp:attachment":[{"href":"https:\/\/www.partidosocialista.org.ar\/wp\/wp-json\/wp\/v2\/media?parent=12568"}],"wp:term":[{"taxonomy":"category","embeddable":true,"href":"https:\/\/www.partidosocialista.org.ar\/wp\/wp-json\/wp\/v2\/categories?post=12568"},{"taxonomy":"post_tag","embeddable":true,"href":"https:\/\/www.partidosocialista.org.ar\/wp\/wp-json\/wp\/v2\/tags?post=12568"}],"curies":[{"name":"wp","href":"https:\/\/api.w.org\/{rel}","templated":true}]}}