{"id":12571,"date":"2023-02-16T23:49:55","date_gmt":"2023-02-16T23:49:55","guid":{"rendered":"https:\/\/www.partidosocialista.org.ar\/wp\/?p=12571"},"modified":"2023-02-16T23:49:55","modified_gmt":"2023-02-16T23:49:55","slug":"el-bloque-socialista-quiere-interpelar-a-anibal-fernandez","status":"publish","type":"post","link":"https:\/\/www.partidosocialista.org.ar\/wp\/el-bloque-socialista-quiere-interpelar-a-anibal-fernandez\/","title":{"rendered":"El Bloque Socialista quiere interpelar a An\u00edbal Fernandez"},"content":{"rendered":"<p>M\u00f3nica Fein y Enrique Estevez Boero presentaron un pedido de interpelaci\u00f3n, con car\u00e1cter de urgencia, al Ministro de Seguridad de la Naci\u00f3n para que se presente en el Congreso. Pretenden que d\u00e9 explicaciones sobre la actuaci\u00f3n de la cartera a su cargo frente a la inseguridad, el narcotr\u00e1fico y el crimen organizado en el \u00c1rea Metropolitana de Rosario.<\/p>\n<p>&nbsp;<\/p>\n<p>\u201cSeguimos trabajando para que la ciudad consiga acciones inmediatas y concretas\u201d, explica Fein frente la crisis de seguridad que atraviesa Rosario, la cual registr\u00f3 287 homicidios en 2022 (cifra r\u00e9cord desde que se realizan estad\u00edsticas oficiales) y que ya son m\u00e1s de 40, en lo que va de enero y febrero.<\/p>\n<p>Ante esta incesante ola de robos y homicidios, los legisladores socialistas solicitan la presencia de An\u00edbal Fernandez en el recinto, a fin de que brinde un informe detallado del gasto por habitante ejecutado en los \u00faltimos 3 a\u00f1os en la provincia de Santa Fe, en t\u00e9rminos comparativos con el resto de las jurisdicciones provinciales.<\/p>\n<p>Esta situaci\u00f3n se enmarca en una serie de acusaciones rec\u00edprocas entre el ministro Fernandez y el gobernador santafesino Omar Perotti, negando la escalada de violencia y criminalidad en la ciudad, sobre las cuales tambi\u00e9n se solicitar\u00e1 explicaciones: \u201cEse cruce p\u00fablico no contribuye absolutamente en nada a salir de esta situaci\u00f3n. Minimizan, niegan la realidad y demuestran desinter\u00e9s por las y los rosarinos\u201d, asegura Fein.<\/p>\n<p>Para los legisladores socialistas \u201cdeslindarse de las responsabilidades de cada uno de los niveles de gobierno y endilgar culpas, s\u00f3lo deja al descubierto la inoperancia estatal y atenta contra los objetivos, que exigen vocaci\u00f3n de di\u00e1logo y cooperaci\u00f3n\u201d.<\/p>\n<p>Esta presentaci\u00f3n se someter\u00e1 a votaci\u00f3n por diputados y diputadas nacionales, en la pr\u00f3xima sesi\u00f3n.<\/p>\n","protected":false},"excerpt":{"rendered":"<p>M\u00f3nica Fein y Enrique Estevez Boero presentaron un pedido de interpelaci\u00f3n, con car\u00e1cter de urgencia, al Ministro de Seguridad de la Naci\u00f3n para que se presente en el Congreso. Pretenden que d\u00e9 explicaciones sobre la actuaci\u00f3n de la cartera a su cargo frente a la inseguridad, el narcotr\u00e1fico y el crimen organizado en el \u00c1rea &hellip; <a href=\"https:\/\/www.partidosocialista.org.ar\/wp\/el-bloque-socialista-quiere-interpelar-a-anibal-fernandez\/\" class=\"more-link\">Sigue leyendo <span class=\"screen-reader-text\">El Bloque Socialista quiere interpelar a An\u00edbal Fernandez<\/span><\/a><\/p>\n","protected":false},"author":3,"featured_media":12572,"comment_status":"open","ping_status":"open","sticky":false,"template":"","format":"standard","meta":{"_acf_changed":false,"footnotes":""},"categories":[5,13,9,10],"tags":[],"class_list":["post-12571","post","type-post","status-publish","format-standard","has-post-thumbnail","hentry","category-bloque-ps","category-enrique-estevez","category-monica-fein","category-novedades"],"acf":[],"_links":{"self":[{"href":"https:\/\/www.partidosocialista.org.ar\/wp\/wp-json\/wp\/v2\/posts\/12571","targetHints":{"allow":["GET"]}}],"collection":[{"href":"https:\/\/www.partidosocialista.org.ar\/wp\/wp-json\/wp\/v2\/posts"}],"about":[{"href":"https:\/\/www.partidosocialista.org.ar\/wp\/wp-json\/wp\/v2\/types\/post"}],"author":[{"embeddable":true,"href":"https:\/\/www.partidosocialista.org.ar\/wp\/wp-json\/wp\/v2\/users\/3"}],"replies":[{"embeddable":true,"href":"https:\/\/www.partidosocialista.org.ar\/wp\/wp-json\/wp\/v2\/comments?post=12571"}],"version-history":[{"count":1,"href":"https:\/\/www.partidosocialista.org.ar\/wp\/wp-json\/wp\/v2\/posts\/12571\/revisions"}],"predecessor-version":[{"id":12573,"href":"https:\/\/www.partidosocialista.org.ar\/wp\/wp-json\/wp\/v2\/posts\/12571\/revisions\/12573"}],"wp:featuredmedia":[{"embeddable":true,"href":"https:\/\/www.partidosocialista.org.ar\/wp\/wp-json\/wp\/v2\/media\/12572"}],"wp:attachment":[{"href":"https:\/\/www.partidosocialista.org.ar\/wp\/wp-json\/wp\/v2\/media?parent=12571"}],"wp:term":[{"taxonomy":"category","embeddable":true,"href":"https:\/\/www.partidosocialista.org.ar\/wp\/wp-json\/wp\/v2\/categories?post=12571"},{"taxonomy":"post_tag","embeddable":true,"href":"https:\/\/www.partidosocialista.org.ar\/wp\/wp-json\/wp\/v2\/tags?post=12571"}],"curies":[{"name":"wp","href":"https:\/\/api.w.org\/{rel}","templated":true}]}}