{"id":12779,"date":"2023-09-15T14:34:07","date_gmt":"2023-09-15T14:34:07","guid":{"rendered":"https:\/\/www.partidosocialista.org.ar\/wp\/?p=12779"},"modified":"2023-09-17T14:41:01","modified_gmt":"2023-09-17T14:41:01","slug":"declaracion-en-el-dia-internacional-de-la-democracia","status":"publish","type":"post","link":"https:\/\/www.partidosocialista.org.ar\/wp\/declaracion-en-el-dia-internacional-de-la-democracia\/","title":{"rendered":"Declaraci\u00f3n en el D\u00eda Internacional de la Democracia"},"content":{"rendered":"<p>En el D\u00eda Internacional de la Democracia, abogamos por trabajar en pro de soluciones coherentes y globales antes de que el declive democr\u00e1tico se transforme plenamente en ascenso autoritario. Nos comprometemos a renovar el esp\u00edritu de internacionalismo y cooperaci\u00f3n, a esforzarnos por construir democracias e instituciones democr\u00e1ticas resistentes y a apoyar el fortalecimiento de la participaci\u00f3n de los ciudadanos en la gobernanza.<\/p>\n<p>Lea nuestra Declaraci\u00f3n: <strong><span style=\"color: #ff0000;\"><a style=\"color: #ff0000;\" href=\"https:\/\/progressive-alliance.info\/wp-content\/uploads\/2023\/09\/Declaracion-Dia-Internacional-de-la-Democracia-.pdf\">AC\u00c1<\/a><\/span><\/strong><\/p>\n<p>&nbsp;<\/p>\n","protected":false},"excerpt":{"rendered":"<p>En el D\u00eda Internacional de la Democracia, abogamos por trabajar en pro de soluciones coherentes y globales antes de que el declive democr\u00e1tico se transforme plenamente en ascenso autoritario. Nos comprometemos a renovar el esp\u00edritu de internacionalismo y cooperaci\u00f3n, a esforzarnos por construir democracias e instituciones democr\u00e1ticas resistentes y a apoyar el fortalecimiento de la &hellip; <a href=\"https:\/\/www.partidosocialista.org.ar\/wp\/declaracion-en-el-dia-internacional-de-la-democracia\/\" class=\"more-link\">Sigue leyendo <span class=\"screen-reader-text\">Declaraci\u00f3n en el D\u00eda Internacional de la Democracia<\/span><\/a><\/p>\n","protected":false},"author":3,"featured_media":12780,"comment_status":"open","ping_status":"open","sticky":false,"template":"","format":"standard","meta":{"_acf_changed":false,"footnotes":""},"categories":[8,11],"tags":[],"class_list":["post-12779","post","type-post","status-publish","format-standard","has-post-thumbnail","hentry","category-destacadas","category-rrii"],"acf":[],"_links":{"self":[{"href":"https:\/\/www.partidosocialista.org.ar\/wp\/wp-json\/wp\/v2\/posts\/12779","targetHints":{"allow":["GET"]}}],"collection":[{"href":"https:\/\/www.partidosocialista.org.ar\/wp\/wp-json\/wp\/v2\/posts"}],"about":[{"href":"https:\/\/www.partidosocialista.org.ar\/wp\/wp-json\/wp\/v2\/types\/post"}],"author":[{"embeddable":true,"href":"https:\/\/www.partidosocialista.org.ar\/wp\/wp-json\/wp\/v2\/users\/3"}],"replies":[{"embeddable":true,"href":"https:\/\/www.partidosocialista.org.ar\/wp\/wp-json\/wp\/v2\/comments?post=12779"}],"version-history":[{"count":2,"href":"https:\/\/www.partidosocialista.org.ar\/wp\/wp-json\/wp\/v2\/posts\/12779\/revisions"}],"predecessor-version":[{"id":12782,"href":"https:\/\/www.partidosocialista.org.ar\/wp\/wp-json\/wp\/v2\/posts\/12779\/revisions\/12782"}],"wp:featuredmedia":[{"embeddable":true,"href":"https:\/\/www.partidosocialista.org.ar\/wp\/wp-json\/wp\/v2\/media\/12780"}],"wp:attachment":[{"href":"https:\/\/www.partidosocialista.org.ar\/wp\/wp-json\/wp\/v2\/media?parent=12779"}],"wp:term":[{"taxonomy":"category","embeddable":true,"href":"https:\/\/www.partidosocialista.org.ar\/wp\/wp-json\/wp\/v2\/categories?post=12779"},{"taxonomy":"post_tag","embeddable":true,"href":"https:\/\/www.partidosocialista.org.ar\/wp\/wp-json\/wp\/v2\/tags?post=12779"}],"curies":[{"name":"wp","href":"https:\/\/api.w.org\/{rel}","templated":true}]}}