{"id":12784,"date":"2023-09-20T22:34:55","date_gmt":"2023-09-20T22:34:55","guid":{"rendered":"https:\/\/www.partidosocialista.org.ar\/wp\/?p=12784"},"modified":"2023-09-20T23:03:58","modified_gmt":"2023-09-20T23:03:58","slug":"repudio-del-bloque-socialista-ante-los-dichos-de-milei","status":"publish","type":"post","link":"https:\/\/www.partidosocialista.org.ar\/wp\/repudio-del-bloque-socialista-ante-los-dichos-de-milei\/","title":{"rendered":"Repudio del Bloque Socialista ante los dichos de Milei"},"content":{"rendered":"<p>En la Sesi\u00f3n Especial del pasado martes 19 de septiembre, nuestra compa\u00f1era Diputada Nacional y Presidenta del Partido Socialista, M\u00f3nica Fein, solicit\u00f3 una Moci\u00f3n de Privilegio para expresar el repudio ante las expresiones del Diputado Javier Milei, hacia el Socialismo.<\/p>\n<p><em>\u00abEl Diputado Milei ocupa esta banca por las reglas del juego democr\u00e1tico pero aparentemente no comprende los alcances de la democracia. Porque la Democracia no consiste solamente en una regla para la selecci\u00f3n de gobernantes por medio de las mayor\u00edas.<\/em><\/p>\n<p><em>La Democracia designa una forma de vida, un estilo de vida en com\u00fan, un estilo de vida que supone de modo inexcusable la tolerancia, el reconocimiento de la legitimidad de los adversarios pol\u00edticos, la disposici\u00f3n a participar de la esfera p\u00fablica con razones justificadas \u2026<\/em><\/p>\n<p><em>La Democracia exige saber escuchar los argumentos ajenos, y a recibir cr\u00edticas a los argumentos propios, exige autocontenci\u00f3n, aceptaci\u00f3n de todas las voces que se expresan en el espacio p\u00fablico.<\/em><\/p>\n<p><em>La Democracia no admite que los adversarios sean tratados de ratas, cucarachas o excrementos.<\/em><\/p>\n<p><em>La animalizaci\u00f3n, la degradaci\u00f3n del adversario es un rasgo t\u00edpico del discurso autoritario y totalitario; promueve en quienes lo escuchan emociones de asco y repugnancia y estimula la violencia f\u00edsica para exterminar la fuente que provoca ese sentimiento.<\/em><\/p>\n<p><em>No es la primera vez que al socialismo y a los\/las socialistas nos agravian, nos discriminan y nos persiguen.<\/em><\/p>\n<p><em>En esta casa estuvo el primer diputado socialista de Am\u00e9rica, Alfredo Palacios , que inici\u00f3 el camino de un nuevo derecho en nuestro pa\u00eds y estamos orgullosos de seguir su huella y sus banderas, que son las de la justicia social, justamente las que el diputado Milei desprecia, pero que impulsaron la jornada de trabajo de ocho horas, el aguinaldo, el trabajo de mujeres, el derecho a la jubilaci\u00f3n, la prohibici\u00f3n del trabajo de los ni\u00f1os, la prohibici\u00f3n de la trata de personas, bases de una sociedad justa y solidaria.<\/em><\/p>\n<p><em>El Diputado Milei agrede porque es de car\u00e1cter intolerante pero tambi\u00e9n por ignorancia.<\/em><\/p>\n<p><em>El Diputado Milei sostiene cada vez que puede que lo que \u00e9l llama \u201cpa\u00edses libres\u201d tienen mucho mejores indicadores que los que \u00e9l llama \u201cpa\u00edses socialistas\u201d<\/em><\/p>\n<p><em>Pero los indicadores que enumera, uno tras otro, para justificar su credo son indicadores que corresponden a pa\u00edses en los que el Estado ha incorporado el ideario socialista, en los que la expectativa de vida es mejor, en los que la calidad de vida es mejor, en los que la igualdad es mejor, en los que las condiciones de la sociedad en general es mejor.<\/em><\/p>\n<p><em>Esos son pa\u00edses en los que se cobran impuestos y en los que el Estado se ocupa de distribuir las oportunidades y los bienes p\u00fablicos para la mayor autonom\u00eda y el mejoramiento de toda la sociedad.<\/em><\/p>\n<p><em>Los pa\u00edses que han ignorado el ideario socialista<\/em><br \/>\n<em>Los pa\u00edses sin Estado, sin impuestos, sin pol\u00edticas distributivas \u2026<\/em><br \/>\n<em>Los pa\u00edses sin aspiraciones de igualdad y justicia \u2026<\/em><br \/>\n<em>Son pa\u00edses en los que ni siquiera el Sr Milei querr\u00eda vivir.<\/em><\/p>\n<p><em>Si no entiende el socialismo, que al menos evite denostarlos.\u00bb<\/em><\/p>\n<p><span style=\"color: #ff0000;\"><a style=\"color: #ff0000;\" href=\"https:\/\/www.partidosocialista.org.ar\/wp\/wp-content\/uploads\/2023\/09\/Mocion-Milei.pdf\">Descargar la moci\u00f3n ac\u00e1<\/a><\/span><\/p>\n<p><iframe loading=\"lazy\" title=\"Diputada Fein, M\u00f3nica - Sesi\u00f3n 19-09-2023 - CP\" width=\"660\" height=\"371\" src=\"https:\/\/www.youtube.com\/embed\/3bueHNTF0CM?feature=oembed\" frameborder=\"0\" allow=\"accelerometer; autoplay; clipboard-write; encrypted-media; gyroscope; picture-in-picture; web-share\" referrerpolicy=\"strict-origin-when-cross-origin\" allowfullscreen><\/iframe><\/p>\n","protected":false},"excerpt":{"rendered":"<p>En la Sesi\u00f3n Especial del pasado martes 19 de septiembre, nuestra compa\u00f1era Diputada Nacional y Presidenta del Partido Socialista, M\u00f3nica Fein, solicit\u00f3 una Moci\u00f3n de Privilegio para expresar el repudio ante las expresiones del Diputado Javier Milei, hacia el Socialismo. \u00abEl Diputado Milei ocupa esta banca por las reglas del juego democr\u00e1tico pero aparentemente no &hellip; <a href=\"https:\/\/www.partidosocialista.org.ar\/wp\/repudio-del-bloque-socialista-ante-los-dichos-de-milei\/\" class=\"more-link\">Sigue leyendo <span class=\"screen-reader-text\">Repudio del Bloque Socialista ante los dichos de Milei<\/span><\/a><\/p>\n","protected":false},"author":3,"featured_media":12584,"comment_status":"open","ping_status":"open","sticky":false,"template":"","format":"standard","meta":{"_acf_changed":false,"footnotes":""},"categories":[5,8],"tags":[],"class_list":["post-12784","post","type-post","status-publish","format-standard","has-post-thumbnail","hentry","category-bloque-ps","category-destacadas"],"acf":[],"_links":{"self":[{"href":"https:\/\/www.partidosocialista.org.ar\/wp\/wp-json\/wp\/v2\/posts\/12784","targetHints":{"allow":["GET"]}}],"collection":[{"href":"https:\/\/www.partidosocialista.org.ar\/wp\/wp-json\/wp\/v2\/posts"}],"about":[{"href":"https:\/\/www.partidosocialista.org.ar\/wp\/wp-json\/wp\/v2\/types\/post"}],"author":[{"embeddable":true,"href":"https:\/\/www.partidosocialista.org.ar\/wp\/wp-json\/wp\/v2\/users\/3"}],"replies":[{"embeddable":true,"href":"https:\/\/www.partidosocialista.org.ar\/wp\/wp-json\/wp\/v2\/comments?post=12784"}],"version-history":[{"count":5,"href":"https:\/\/www.partidosocialista.org.ar\/wp\/wp-json\/wp\/v2\/posts\/12784\/revisions"}],"predecessor-version":[{"id":12797,"href":"https:\/\/www.partidosocialista.org.ar\/wp\/wp-json\/wp\/v2\/posts\/12784\/revisions\/12797"}],"wp:featuredmedia":[{"embeddable":true,"href":"https:\/\/www.partidosocialista.org.ar\/wp\/wp-json\/wp\/v2\/media\/12584"}],"wp:attachment":[{"href":"https:\/\/www.partidosocialista.org.ar\/wp\/wp-json\/wp\/v2\/media?parent=12784"}],"wp:term":[{"taxonomy":"category","embeddable":true,"href":"https:\/\/www.partidosocialista.org.ar\/wp\/wp-json\/wp\/v2\/categories?post=12784"},{"taxonomy":"post_tag","embeddable":true,"href":"https:\/\/www.partidosocialista.org.ar\/wp\/wp-json\/wp\/v2\/tags?post=12784"}],"curies":[{"name":"wp","href":"https:\/\/api.w.org\/{rel}","templated":true}]}}