{"id":13236,"date":"2024-12-10T09:02:49","date_gmt":"2024-12-10T09:02:49","guid":{"rendered":"https:\/\/www.partidosocialista.org.ar\/wp\/?p=13236"},"modified":"2024-12-10T09:04:52","modified_gmt":"2024-12-10T09:04:52","slug":"a-un-ano-del-gobierno-de-milei-el-socialismo-se-planta-mirando-al-futuro","status":"publish","type":"post","link":"https:\/\/www.partidosocialista.org.ar\/wp\/a-un-ano-del-gobierno-de-milei-el-socialismo-se-planta-mirando-al-futuro\/","title":{"rendered":"A un a\u00f1o del gobierno de Milei, el Socialismo se planta mirando al futuro."},"content":{"rendered":"<p><strong><span style=\"color: #ff0000;\">1.<\/span>Se planta <\/strong>frente a la autocracia libertaria. Votamos en contra de la Ley \u00d3mnibus y de la delegaci\u00f3n de funciones legislativas que el Presidente pretend\u00eda para todo su mandato. Adem\u00e1s fuimos el primer partido pol\u00edtico en rechazar con claridad el DNU 70\/23.<\/p>\n<p><strong><span style=\"color: #ff0000;\">2. <\/span>Se planta<\/strong> a favor de la educaci\u00f3n p\u00fablica. Fuimos protagonistas de la ley de financiamiento universitario y reclamamos por la restituci\u00f3n del Fondo nacional de incentivo docente.<\/p>\n<p><strong><span style=\"color: #ff0000;\">3. <\/span>Se planta<\/strong> contra las anomal\u00edas institucionales. Impulsamos la modificaci\u00f3n de la Ley de \u00c9tica p\u00fablica para que el fantasma Santiago Caputo rinda cuentas, presente declaraci\u00f3n jurada de bienes y asuma su responsabilidad como funcionario p\u00fablico y no como un simple monotributista. Tambi\u00e9n impulsamos &#8211; como desde 2007 &#8211; un nuevo r\u00e9gimen para la convalidaci\u00f3n de los Decretos de Necesidad y Urgencia.<\/p>\n<p><strong><span style=\"color: #ff0000;\">4. <\/span>Se planta <\/strong>en defensa de las jubilaciones dignas. Votamos a favor de la recomposici\u00f3n de las jubilaciones del sistema de reparto, la incorporaci\u00f3n del bono al b\u00e1sico y el incremento de la jubilaci\u00f3n m\u00ednima y todas las jubilaciones, recuperando lo que la devaluaci\u00f3n arrebat\u00f3 a nuestras y nuestros adultos mayores.<\/p>\n<p><strong><span style=\"color: #ff0000;\">5. <\/span>Se planta<\/strong> contra el odio y la intolerancia. Denunciamos penalmente a la agrupaci\u00f3n \u201cLas fuerzas del cielo\u201d por intimidaci\u00f3n p\u00fablica e incitaci\u00f3n a la violencia. En democracia no hay lugar para \u201cbrazos armados\u201d o \u201cguardias pretorianas\u201d. Y propusimos la formaci\u00f3n en Derechos Humanos de todos los funcionarios p\u00fablicos y candidatos, como respuesta a la visita de Diputados nacionales a los represores condenados en la c\u00e1rcel de Ezeiza.<\/p>\n<p><strong><span style=\"color: #ff0000;\">6. <\/span>Se planta <\/strong>frente a la pretensi\u00f3n del discurso \u00fanico. Apoyamos a las y los periodistas atacados por el propio Presidente y, frente al intento de acallar voces disidentes, levantamos las banderas de la libertad de expresi\u00f3n y el acceso a la informaci\u00f3n p\u00fablica.<\/p>\n<p><strong><span style=\"color: #ff0000;\">7. <\/span>Se planta<\/strong> ante el hambre, el crecimiento de la pobreza y la indigencia de las ni\u00f1as y ni\u00f1os. Impulsamos por ley una recomposici\u00f3n de la Tarjeta ALIMENTAR, la Asignaci\u00f3n Universal por hijo y las Asignaciones familiares, denunciando la pretensi\u00f3n oficial de congelarlas durante 2025.<\/p>\n<p><strong><span style=\"color: #ff0000;\">8. <\/span>Se planta <\/strong>en defensa de los trabajadores y las peque\u00f1as y medianas empresas.\u00a0 Denunciamos la derogaci\u00f3n de derechos laborales conquistados y votamos contra eso en el tratamiento de la Ley Bases. Asimismo en di\u00e1logo con las peque\u00f1as y medianas empresas elaboramos un proyecto de ley para promover las inversiones y creaci\u00f3n de empleo en el sector, en todo el pa\u00eds.<\/p>\n<p><strong><span style=\"color: #ff0000;\">9. <\/span>Se planta <\/strong>para defender el federalismo. Eliminamos la generalizaci\u00f3n de las retenciones pretendida en la primera versi\u00f3n de la ley \u00d3mnibus, firmamos dictamen para la distribuci\u00f3n equitativa de los subsidios al transporte y reclamamos la aprobaci\u00f3n del Presupuesto para evitar el ajuste brutal de recursos que deja a las provincias con menos herramientas para sostener la salud, educaci\u00f3n, justicia, seguridad y obras p\u00fablicas.<\/p>\n<p><strong><span style=\"color: #ff0000;\">10. <\/span>Se planta <\/strong>por los derechos de todas, todos y todes. Frente a un gobierno que ataca permanente los derechos conquistados por los feminismos, el colectivo LGBTIQ+, el movimiento de derechos humanos y las pol\u00edticas ambientales, alzamos la voz y junto a las organizaciones sociales impulsamos proyectos porque no vamos a permitir ni un paso atr\u00e1s.<\/p>\n<p>Descarg\u00e1 el documento<a href=\"https:\/\/www.partidosocialista.org.ar\/wp\/wp-content\/uploads\/2024\/12\/EL-SOCIALIMO-SE-PLANTA-MIRANDO-AL-FUTURO.pdf\"><span style=\"color: #ff0000;\"> AQU\u00cd<\/span><\/a><\/p>\n","protected":false},"excerpt":{"rendered":"<p>1.Se planta frente a la autocracia libertaria. Votamos en contra de la Ley \u00d3mnibus y de la delegaci\u00f3n de funciones legislativas que el Presidente pretend\u00eda para todo su mandato. Adem\u00e1s fuimos el primer partido pol\u00edtico en rechazar con claridad el DNU 70\/23. 2. Se planta a favor de la educaci\u00f3n p\u00fablica. Fuimos protagonistas de la &hellip; <a href=\"https:\/\/www.partidosocialista.org.ar\/wp\/a-un-ano-del-gobierno-de-milei-el-socialismo-se-planta-mirando-al-futuro\/\" class=\"more-link\">Sigue leyendo <span class=\"screen-reader-text\">A un a\u00f1o del gobierno de Milei, el Socialismo se planta mirando al futuro.<\/span><\/a><\/p>\n","protected":false},"author":3,"featured_media":13237,"comment_status":"open","ping_status":"open","sticky":false,"template":"","format":"standard","meta":{"_acf_changed":false,"footnotes":""},"categories":[8,1],"tags":[],"class_list":["post-13236","post","type-post","status-publish","format-standard","has-post-thumbnail","hentry","category-destacadas","category-politica"],"acf":[],"_links":{"self":[{"href":"https:\/\/www.partidosocialista.org.ar\/wp\/wp-json\/wp\/v2\/posts\/13236","targetHints":{"allow":["GET"]}}],"collection":[{"href":"https:\/\/www.partidosocialista.org.ar\/wp\/wp-json\/wp\/v2\/posts"}],"about":[{"href":"https:\/\/www.partidosocialista.org.ar\/wp\/wp-json\/wp\/v2\/types\/post"}],"author":[{"embeddable":true,"href":"https:\/\/www.partidosocialista.org.ar\/wp\/wp-json\/wp\/v2\/users\/3"}],"replies":[{"embeddable":true,"href":"https:\/\/www.partidosocialista.org.ar\/wp\/wp-json\/wp\/v2\/comments?post=13236"}],"version-history":[{"count":2,"href":"https:\/\/www.partidosocialista.org.ar\/wp\/wp-json\/wp\/v2\/posts\/13236\/revisions"}],"predecessor-version":[{"id":13239,"href":"https:\/\/www.partidosocialista.org.ar\/wp\/wp-json\/wp\/v2\/posts\/13236\/revisions\/13239"}],"wp:featuredmedia":[{"embeddable":true,"href":"https:\/\/www.partidosocialista.org.ar\/wp\/wp-json\/wp\/v2\/media\/13237"}],"wp:attachment":[{"href":"https:\/\/www.partidosocialista.org.ar\/wp\/wp-json\/wp\/v2\/media?parent=13236"}],"wp:term":[{"taxonomy":"category","embeddable":true,"href":"https:\/\/www.partidosocialista.org.ar\/wp\/wp-json\/wp\/v2\/categories?post=13236"},{"taxonomy":"post_tag","embeddable":true,"href":"https:\/\/www.partidosocialista.org.ar\/wp\/wp-json\/wp\/v2\/tags?post=13236"}],"curies":[{"name":"wp","href":"https:\/\/api.w.org\/{rel}","templated":true}]}}